{"id":769,"date":"2016-04-19T10:59:01","date_gmt":"2016-04-19T10:59:01","guid":{"rendered":"http:\/\/www.tenis-mesa.com\/?p=769"},"modified":"2016-07-11T07:50:12","modified_gmt":"2016-07-11T07:50:12","slug":"campeonato-mundo-tenis-mesa-veteranos-alicante","status":"publish","type":"post","link":"http:\/\/www.tenis-mesa.com\/tenis-mesa.com\/campeonato-mundo-tenis-mesa-veteranos-alicante.html","title":{"rendered":"Campeonato del Mundo de Tenis de Mesa para veteranos"},"content":{"rendered":"<p style=\"text-align: justify;\">Las ciudades de Alicante y Elche se preparan para albergar el <strong>XVIII Campeonato del Mundo de Tenis de Mesa de Veteranos<\/strong> (WVC) que se celebrar\u00e1 en las instalaciones de la Instituci\u00f3n Ferial Alicantina (IFA) del 23 al 29 de mayo de 2016.<\/p>\n<p style=\"text-align: justify;\">Esta fiesta mundial del tenis de mesa est\u00e1 abierta a todos los jugadores interesados de 40 a\u00f1os o m\u00e1s, que formar\u00e1n parte del campeonato en diferentes categor\u00edas. Se estima que este torneo internacional contar\u00e1 con m\u00e1s de 4500 jugadores de tenis de mesa representando a 76 nacionalidades diferentes.<\/p>\n<p style=\"text-align: justify;\">Las categor\u00edas generales de la competici\u00f3n son individuales de mujeres y hombres y dobles de mujeres y hombres. Dividi\u00e9ndose por categor\u00edas de edades, en las que cada jugador participar\u00e1 en la que le corresponda delimitada por su edad. Se har\u00e1n excepciones en los dobles, en la que los jugadores pueden ser de distintas categor\u00edas. El campeonato est\u00e1 formado por las siguientes categor\u00edas:<\/p>\n<p>&#8211; 40-49 a\u00f1os (Nacido 1976 o antes)<\/p>\n<p>&#8211; 50-59 a\u00f1os (Nacido 1966 o antes)<\/p>\n<p>&#8211; 60-64 a\u00f1os (Nacido 1956 o antes)<\/p>\n<p>&#8211; 65-69 a\u00f1os (Nacido 1951 o antes)<\/p>\n<p>&#8211; 70-74 a\u00f1os (Nacido 1946 o antes)<\/p>\n<p>&#8211; 75-79 a\u00f1os (Nacido 1941 o antes)<\/p>\n<p>&#8211; 80-84 a\u00f1os (Nacido el 1936 o antes)<\/p>\n<p>&#8211; 85-89 a\u00f1os (Nacido 1931 o antes)<\/p>\n<p>&#8211; M\u00e1s de 90 a\u00f1os (Nacido el 1926 o antes)<\/p>\n<p style=\"text-align: justify;\">Cabe destacar que las categor\u00edas de m\u00e1s de 85 a\u00f1os hasta 89 y la de m\u00e1s de 90 a\u00f1os ser\u00e1n novedades en el campeonato de tenis de mesa de Alicante y Elche.<\/p>\n<p style=\"text-align: justify;\">Este torneo se aplicar\u00e1 las leyes y r<strong>eglamento de Tenis de Mesa de la Federaci\u00f3n Internacional de Tenis de Mesa<\/strong> (ITTF), pero las reglas y reglamentos para los Campeonatos del Mundo de Veteranos tendr\u00e1n prioridad para determinadas cuestiones. En cada categor\u00eda de individuales y dobles se jugar\u00e1 al mejor de 5 juegos, por lo que saldr\u00e1 vencedor quien gane 3 de ellos.<\/p>\n<p style=\"text-align: justify;\">El centro de juego estar\u00e1 en IFA, donde se ubicar\u00e1n 300 mesas de tenis de mesa con gradas y alguna sorpresa m\u00e1s. Adem\u00e1s, habr\u00e1 dos zonas de encuentro para todos los participantes, acompa\u00f1antes y dem\u00e1s aficionados, en el centro comercial Panoramis de Alicante y en el Centro de Congresos de Elche, donde se realizar\u00e1n actividades y entrenamientos.<\/p>\n<p style=\"text-align: justify;\">Adem\u00e1s, existir\u00e1 un punto de informaci\u00f3n en el que el participante y sus acompa\u00f1antes podr\u00e1n obtener informaci\u00f3n tur\u00edstica de Alicante, Elche y la Costa Blanca.<\/p>\n<p style=\"text-align: justify;\">No te pierdas la oportunidad de vivir este gran evento, hazte con tu entrada y disfruta del mejor tenis de mesa del mundo para veteranos.<\/p>\n","protected":false},"excerpt":{"rendered":"<p>Las ciudades de Alicante y Elche se preparan para albergar el XVIII Campeonato del Mundo de Tenis de Mesa de Veteranos (WVC) que se celebrar\u00e1 en las instalaciones de la Instituci\u00f3n Ferial Alicantina (IFA) del 23 al 29 de mayo de 2016. Esta fiesta mundial del tenis de mesa est\u00e1 abierta a todos los jugadores [&hellip;]<\/p>\n","protected":false},"author":1,"featured_media":777,"comment_status":"open","ping_status":"open","sticky":false,"template":"","format":"standard","meta":{"footnotes":""},"categories":[1],"tags":[],"dealstore":[],"offerexpiration":[],"class_list":["post-769","post","type-post","status-publish","format-standard","has-post-thumbnail","hentry","category-consejos"],"yoast_head":"<!-- This site is optimized with the Yoast SEO plugin v23.7 - https:\/\/yoast.com\/wordpress\/plugins\/seo\/ -->\n<title>Campeonato del Mundo de Tenis de Mesa para veteranos - Tenis-Mesa<\/title>\n<meta name=\"description\" content=\"Las ciudades de Alicante y Elche se preparan para albergar el XVIII Campeonato del Mundo de Tenis de Mesa de Veteranos (WVC) del 23 al 29 de mayo de 2016.\" \/>\n<meta name=\"robots\" content=\"index, follow, max-snippet:-1, max-image-preview:large, max-video-preview:-1\" \/>\n<link rel=\"canonical\" href=\"http:\/\/www.tenis-mesa.com\/tenis-mesa.com\/campeonato-mundo-tenis-mesa-veteranos-alicante.html\" \/>\n<meta property=\"og:locale\" content=\"es_ES\" \/>\n<meta property=\"og:type\" content=\"article\" \/>\n<meta property=\"og:title\" content=\"Campeonato del Mundo de Tenis de Mesa para veteranos - Tenis-Mesa\" \/>\n<meta property=\"og:description\" content=\"Las ciudades de Alicante y Elche se preparan para albergar el XVIII Campeonato del Mundo de Tenis de Mesa de Veteranos (WVC) del 23 al 29 de mayo de 2016.\" \/>\n<meta property=\"og:url\" content=\"http:\/\/www.tenis-mesa.com\/tenis-mesa.com\/campeonato-mundo-tenis-mesa-veteranos-alicante.html\" \/>\n<meta property=\"og:site_name\" content=\"Tenis-Mesa\" \/>\n<meta property=\"article:published_time\" content=\"2016-04-19T10:59:01+00:00\" \/>\n<meta property=\"article:modified_time\" content=\"2016-07-11T07:50:12+00:00\" \/>\n<meta property=\"og:image\" content=\"http:\/\/www.tenis-mesa.com\/tenis-mesa.com\/wp-content\/uploads\/2016\/04\/Campeonato-Veteranos1.png\" \/>\n\t<meta property=\"og:image:width\" content=\"979\" \/>\n\t<meta property=\"og:image:height\" content=\"463\" \/>\n\t<meta property=\"og:image:type\" content=\"image\/png\" \/>\n<meta name=\"author\" content=\"TM Forever\" \/>\n<meta name=\"twitter:card\" content=\"summary_large_image\" \/>\n<meta name=\"twitter:label1\" content=\"Escrito por\" \/>\n\t<meta name=\"twitter:data1\" content=\"TM Forever\" \/>\n\t<meta name=\"twitter:label2\" content=\"Tiempo de lectura\" \/>\n\t<meta name=\"twitter:data2\" content=\"2 minutos\" \/>\n<script type=\"application\/ld+json\" class=\"yoast-schema-graph\">{\"@context\":\"https:\/\/schema.org\",\"@graph\":[{\"@type\":\"Article\",\"@id\":\"http:\/\/www.tenis-mesa.com\/tenis-mesa.com\/campeonato-mundo-tenis-mesa-veteranos-alicante.html#article\",\"isPartOf\":{\"@id\":\"http:\/\/www.tenis-mesa.com\/tenis-mesa.com\/campeonato-mundo-tenis-mesa-veteranos-alicante.html\"},\"author\":{\"name\":\"TM Forever\",\"@id\":\"http:\/\/www.tenis-mesa.com\/tenis-mesa.com\/#\/schema\/person\/d103037b6ae403b889da18380beab44a\"},\"headline\":\"Campeonato del Mundo de Tenis de Mesa para veteranos\",\"datePublished\":\"2016-04-19T10:59:01+00:00\",\"dateModified\":\"2016-07-11T07:50:12+00:00\",\"mainEntityOfPage\":{\"@id\":\"http:\/\/www.tenis-mesa.com\/tenis-mesa.com\/campeonato-mundo-tenis-mesa-veteranos-alicante.html\"},\"wordCount\":451,\"commentCount\":0,\"publisher\":{\"@id\":\"http:\/\/www.tenis-mesa.com\/tenis-mesa.com\/#organization\"},\"image\":{\"@id\":\"http:\/\/www.tenis-mesa.com\/tenis-mesa.com\/campeonato-mundo-tenis-mesa-veteranos-alicante.html#primaryimage\"},\"thumbnailUrl\":\"http:\/\/www.tenis-mesa.com\/tenis-mesa.com\/wp-content\/uploads\/2016\/04\/Campeonato-Veteranos1.png\",\"articleSection\":[\"Consejos\"],\"inLanguage\":\"es\",\"potentialAction\":[{\"@type\":\"CommentAction\",\"name\":\"Comment\",\"target\":[\"http:\/\/www.tenis-mesa.com\/tenis-mesa.com\/campeonato-mundo-tenis-mesa-veteranos-alicante.html#respond\"]}]},{\"@type\":\"WebPage\",\"@id\":\"http:\/\/www.tenis-mesa.com\/tenis-mesa.com\/campeonato-mundo-tenis-mesa-veteranos-alicante.html\",\"url\":\"http:\/\/www.tenis-mesa.com\/tenis-mesa.com\/campeonato-mundo-tenis-mesa-veteranos-alicante.html\",\"name\":\"Campeonato del Mundo de Tenis de Mesa para veteranos - Tenis-Mesa\",\"isPartOf\":{\"@id\":\"http:\/\/www.tenis-mesa.com\/tenis-mesa.com\/#website\"},\"primaryImageOfPage\":{\"@id\":\"http:\/\/www.tenis-mesa.com\/tenis-mesa.com\/campeonato-mundo-tenis-mesa-veteranos-alicante.html#primaryimage\"},\"image\":{\"@id\":\"http:\/\/www.tenis-mesa.com\/tenis-mesa.com\/campeonato-mundo-tenis-mesa-veteranos-alicante.html#primaryimage\"},\"thumbnailUrl\":\"http:\/\/www.tenis-mesa.com\/tenis-mesa.com\/wp-content\/uploads\/2016\/04\/Campeonato-Veteranos1.png\",\"datePublished\":\"2016-04-19T10:59:01+00:00\",\"dateModified\":\"2016-07-11T07:50:12+00:00\",\"description\":\"Las ciudades de Alicante y Elche se preparan para albergar el XVIII Campeonato del Mundo de Tenis de Mesa de Veteranos (WVC) del 23 al 29 de mayo de 2016.\",\"breadcrumb\":{\"@id\":\"http:\/\/www.tenis-mesa.com\/tenis-mesa.com\/campeonato-mundo-tenis-mesa-veteranos-alicante.html#breadcrumb\"},\"inLanguage\":\"es\",\"potentialAction\":[{\"@type\":\"ReadAction\",\"target\":[\"http:\/\/www.tenis-mesa.com\/tenis-mesa.com\/campeonato-mundo-tenis-mesa-veteranos-alicante.html\"]}]},{\"@type\":\"ImageObject\",\"inLanguage\":\"es\",\"@id\":\"http:\/\/www.tenis-mesa.com\/tenis-mesa.com\/campeonato-mundo-tenis-mesa-veteranos-alicante.html#primaryimage\",\"url\":\"http:\/\/www.tenis-mesa.com\/tenis-mesa.com\/wp-content\/uploads\/2016\/04\/Campeonato-Veteranos1.png\",\"contentUrl\":\"http:\/\/www.tenis-mesa.com\/tenis-mesa.com\/wp-content\/uploads\/2016\/04\/Campeonato-Veteranos1.png\",\"width\":979,\"height\":463},{\"@type\":\"BreadcrumbList\",\"@id\":\"http:\/\/www.tenis-mesa.com\/tenis-mesa.com\/campeonato-mundo-tenis-mesa-veteranos-alicante.html#breadcrumb\",\"itemListElement\":[{\"@type\":\"ListItem\",\"position\":1,\"name\":\"Portada\",\"item\":\"https:\/\/www.tenis-mesa.com\/tenis-mesa.com\/\"},{\"@type\":\"ListItem\",\"position\":2,\"name\":\"Campeonato del Mundo de Tenis de Mesa para veteranos\"}]},{\"@type\":\"WebSite\",\"@id\":\"http:\/\/www.tenis-mesa.com\/tenis-mesa.com\/#website\",\"url\":\"http:\/\/www.tenis-mesa.com\/tenis-mesa.com\/\",\"name\":\"Tenis-Mesa\",\"description\":\"Todo el ping pong a tu alcance\",\"publisher\":{\"@id\":\"http:\/\/www.tenis-mesa.com\/tenis-mesa.com\/#organization\"},\"potentialAction\":[{\"@type\":\"SearchAction\",\"target\":{\"@type\":\"EntryPoint\",\"urlTemplate\":\"http:\/\/www.tenis-mesa.com\/tenis-mesa.com\/?s={search_term_string}\"},\"query-input\":{\"@type\":\"PropertyValueSpecification\",\"valueRequired\":true,\"valueName\":\"search_term_string\"}}],\"inLanguage\":\"es\"},{\"@type\":\"Organization\",\"@id\":\"http:\/\/www.tenis-mesa.com\/tenis-mesa.com\/#organization\",\"name\":\"Tenis-Mesa\",\"url\":\"http:\/\/www.tenis-mesa.com\/tenis-mesa.com\/\",\"logo\":{\"@type\":\"ImageObject\",\"inLanguage\":\"es\",\"@id\":\"http:\/\/www.tenis-mesa.com\/tenis-mesa.com\/#\/schema\/logo\/image\/\",\"url\":\"http:\/\/www.tenis-mesa.com\/tenis-mesa.com\/wp-content\/uploads\/2015\/08\/tm-144.png\",\"contentUrl\":\"http:\/\/www.tenis-mesa.com\/tenis-mesa.com\/wp-content\/uploads\/2015\/08\/tm-144.png\",\"width\":144,\"height\":144,\"caption\":\"Tenis-Mesa\"},\"image\":{\"@id\":\"http:\/\/www.tenis-mesa.com\/tenis-mesa.com\/#\/schema\/logo\/image\/\"}},{\"@type\":\"Person\",\"@id\":\"http:\/\/www.tenis-mesa.com\/tenis-mesa.com\/#\/schema\/person\/d103037b6ae403b889da18380beab44a\",\"name\":\"TM Forever\",\"image\":{\"@type\":\"ImageObject\",\"inLanguage\":\"es\",\"@id\":\"http:\/\/www.tenis-mesa.com\/tenis-mesa.com\/#\/schema\/person\/image\/\",\"url\":\"http:\/\/www.tenis-mesa.com\/tenis-mesa.com\/wp-content\/litespeed\/avatar\/c8ac375204c042533a3c54c0b4a03993.jpg?ver=1777012872\",\"contentUrl\":\"http:\/\/www.tenis-mesa.com\/tenis-mesa.com\/wp-content\/litespeed\/avatar\/c8ac375204c042533a3c54c0b4a03993.jpg?ver=1777012872\",\"caption\":\"TM Forever\"}}]}<\/script>\n<!-- \/ Yoast SEO plugin. -->","yoast_head_json":{"title":"Campeonato del Mundo de Tenis de Mesa para veteranos - Tenis-Mesa","description":"Las ciudades de Alicante y Elche se preparan para albergar el XVIII Campeonato del Mundo de Tenis de Mesa de Veteranos (WVC) del 23 al 29 de mayo de 2016.","robots":{"index":"index","follow":"follow","max-snippet":"max-snippet:-1","max-image-preview":"max-image-preview:large","max-video-preview":"max-video-preview:-1"},"canonical":"http:\/\/www.tenis-mesa.com\/tenis-mesa.com\/campeonato-mundo-tenis-mesa-veteranos-alicante.html","og_locale":"es_ES","og_type":"article","og_title":"Campeonato del Mundo de Tenis de Mesa para veteranos - Tenis-Mesa","og_description":"Las ciudades de Alicante y Elche se preparan para albergar el XVIII Campeonato del Mundo de Tenis de Mesa de Veteranos (WVC) del 23 al 29 de mayo de 2016.","og_url":"http:\/\/www.tenis-mesa.com\/tenis-mesa.com\/campeonato-mundo-tenis-mesa-veteranos-alicante.html","og_site_name":"Tenis-Mesa","article_published_time":"2016-04-19T10:59:01+00:00","article_modified_time":"2016-07-11T07:50:12+00:00","og_image":[{"width":979,"height":463,"url":"http:\/\/www.tenis-mesa.com\/tenis-mesa.com\/wp-content\/uploads\/2016\/04\/Campeonato-Veteranos1.png","type":"image\/png"}],"author":"TM Forever","twitter_card":"summary_large_image","twitter_misc":{"Escrito por":"TM Forever","Tiempo de lectura":"2 minutos"},"schema":{"@context":"https:\/\/schema.org","@graph":[{"@type":"Article","@id":"http:\/\/www.tenis-mesa.com\/tenis-mesa.com\/campeonato-mundo-tenis-mesa-veteranos-alicante.html#article","isPartOf":{"@id":"http:\/\/www.tenis-mesa.com\/tenis-mesa.com\/campeonato-mundo-tenis-mesa-veteranos-alicante.html"},"author":{"name":"TM Forever","@id":"http:\/\/www.tenis-mesa.com\/tenis-mesa.com\/#\/schema\/person\/d103037b6ae403b889da18380beab44a"},"headline":"Campeonato del Mundo de Tenis de Mesa para veteranos","datePublished":"2016-04-19T10:59:01+00:00","dateModified":"2016-07-11T07:50:12+00:00","mainEntityOfPage":{"@id":"http:\/\/www.tenis-mesa.com\/tenis-mesa.com\/campeonato-mundo-tenis-mesa-veteranos-alicante.html"},"wordCount":451,"commentCount":0,"publisher":{"@id":"http:\/\/www.tenis-mesa.com\/tenis-mesa.com\/#organization"},"image":{"@id":"http:\/\/www.tenis-mesa.com\/tenis-mesa.com\/campeonato-mundo-tenis-mesa-veteranos-alicante.html#primaryimage"},"thumbnailUrl":"http:\/\/www.tenis-mesa.com\/tenis-mesa.com\/wp-content\/uploads\/2016\/04\/Campeonato-Veteranos1.png","articleSection":["Consejos"],"inLanguage":"es","potentialAction":[{"@type":"CommentAction","name":"Comment","target":["http:\/\/www.tenis-mesa.com\/tenis-mesa.com\/campeonato-mundo-tenis-mesa-veteranos-alicante.html#respond"]}]},{"@type":"WebPage","@id":"http:\/\/www.tenis-mesa.com\/tenis-mesa.com\/campeonato-mundo-tenis-mesa-veteranos-alicante.html","url":"http:\/\/www.tenis-mesa.com\/tenis-mesa.com\/campeonato-mundo-tenis-mesa-veteranos-alicante.html","name":"Campeonato del Mundo de Tenis de Mesa para veteranos - Tenis-Mesa","isPartOf":{"@id":"http:\/\/www.tenis-mesa.com\/tenis-mesa.com\/#website"},"primaryImageOfPage":{"@id":"http:\/\/www.tenis-mesa.com\/tenis-mesa.com\/campeonato-mundo-tenis-mesa-veteranos-alicante.html#primaryimage"},"image":{"@id":"http:\/\/www.tenis-mesa.com\/tenis-mesa.com\/campeonato-mundo-tenis-mesa-veteranos-alicante.html#primaryimage"},"thumbnailUrl":"http:\/\/www.tenis-mesa.com\/tenis-mesa.com\/wp-content\/uploads\/2016\/04\/Campeonato-Veteranos1.png","datePublished":"2016-04-19T10:59:01+00:00","dateModified":"2016-07-11T07:50:12+00:00","description":"Las ciudades de Alicante y Elche se preparan para albergar el XVIII Campeonato del Mundo de Tenis de Mesa de Veteranos (WVC) del 23 al 29 de mayo de 2016.","breadcrumb":{"@id":"http:\/\/www.tenis-mesa.com\/tenis-mesa.com\/campeonato-mundo-tenis-mesa-veteranos-alicante.html#breadcrumb"},"inLanguage":"es","potentialAction":[{"@type":"ReadAction","target":["http:\/\/www.tenis-mesa.com\/tenis-mesa.com\/campeonato-mundo-tenis-mesa-veteranos-alicante.html"]}]},{"@type":"ImageObject","inLanguage":"es","@id":"http:\/\/www.tenis-mesa.com\/tenis-mesa.com\/campeonato-mundo-tenis-mesa-veteranos-alicante.html#primaryimage","url":"http:\/\/www.tenis-mesa.com\/tenis-mesa.com\/wp-content\/uploads\/2016\/04\/Campeonato-Veteranos1.png","contentUrl":"http:\/\/www.tenis-mesa.com\/tenis-mesa.com\/wp-content\/uploads\/2016\/04\/Campeonato-Veteranos1.png","width":979,"height":463},{"@type":"BreadcrumbList","@id":"http:\/\/www.tenis-mesa.com\/tenis-mesa.com\/campeonato-mundo-tenis-mesa-veteranos-alicante.html#breadcrumb","itemListElement":[{"@type":"ListItem","position":1,"name":"Portada","item":"https:\/\/www.tenis-mesa.com\/tenis-mesa.com\/"},{"@type":"ListItem","position":2,"name":"Campeonato del Mundo de Tenis de Mesa para veteranos"}]},{"@type":"WebSite","@id":"http:\/\/www.tenis-mesa.com\/tenis-mesa.com\/#website","url":"http:\/\/www.tenis-mesa.com\/tenis-mesa.com\/","name":"Tenis-Mesa","description":"Todo el ping pong a tu alcance","publisher":{"@id":"http:\/\/www.tenis-mesa.com\/tenis-mesa.com\/#organization"},"potentialAction":[{"@type":"SearchAction","target":{"@type":"EntryPoint","urlTemplate":"http:\/\/www.tenis-mesa.com\/tenis-mesa.com\/?s={search_term_string}"},"query-input":{"@type":"PropertyValueSpecification","valueRequired":true,"valueName":"search_term_string"}}],"inLanguage":"es"},{"@type":"Organization","@id":"http:\/\/www.tenis-mesa.com\/tenis-mesa.com\/#organization","name":"Tenis-Mesa","url":"http:\/\/www.tenis-mesa.com\/tenis-mesa.com\/","logo":{"@type":"ImageObject","inLanguage":"es","@id":"http:\/\/www.tenis-mesa.com\/tenis-mesa.com\/#\/schema\/logo\/image\/","url":"http:\/\/www.tenis-mesa.com\/tenis-mesa.com\/wp-content\/uploads\/2015\/08\/tm-144.png","contentUrl":"http:\/\/www.tenis-mesa.com\/tenis-mesa.com\/wp-content\/uploads\/2015\/08\/tm-144.png","width":144,"height":144,"caption":"Tenis-Mesa"},"image":{"@id":"http:\/\/www.tenis-mesa.com\/tenis-mesa.com\/#\/schema\/logo\/image\/"}},{"@type":"Person","@id":"http:\/\/www.tenis-mesa.com\/tenis-mesa.com\/#\/schema\/person\/d103037b6ae403b889da18380beab44a","name":"TM Forever","image":{"@type":"ImageObject","inLanguage":"es","@id":"http:\/\/www.tenis-mesa.com\/tenis-mesa.com\/#\/schema\/person\/image\/","url":"http:\/\/www.tenis-mesa.com\/tenis-mesa.com\/wp-content\/litespeed\/avatar\/c8ac375204c042533a3c54c0b4a03993.jpg?ver=1777012872","contentUrl":"http:\/\/www.tenis-mesa.com\/tenis-mesa.com\/wp-content\/litespeed\/avatar\/c8ac375204c042533a3c54c0b4a03993.jpg?ver=1777012872","caption":"TM Forever"}}]}},"_links":{"self":[{"href":"http:\/\/www.tenis-mesa.com\/tenis-mesa.com\/wp-json\/wp\/v2\/posts\/769"}],"collection":[{"href":"http:\/\/www.tenis-mesa.com\/tenis-mesa.com\/wp-json\/wp\/v2\/posts"}],"about":[{"href":"http:\/\/www.tenis-mesa.com\/tenis-mesa.com\/wp-json\/wp\/v2\/types\/post"}],"author":[{"embeddable":true,"href":"http:\/\/www.tenis-mesa.com\/tenis-mesa.com\/wp-json\/wp\/v2\/users\/1"}],"replies":[{"embeddable":true,"href":"http:\/\/www.tenis-mesa.com\/tenis-mesa.com\/wp-json\/wp\/v2\/comments?post=769"}],"version-history":[{"count":7,"href":"http:\/\/www.tenis-mesa.com\/tenis-mesa.com\/wp-json\/wp\/v2\/posts\/769\/revisions"}],"predecessor-version":[{"id":774,"href":"http:\/\/www.tenis-mesa.com\/tenis-mesa.com\/wp-json\/wp\/v2\/posts\/769\/revisions\/774"}],"wp:featuredmedia":[{"embeddable":true,"href":"http:\/\/www.tenis-mesa.com\/tenis-mesa.com\/wp-json\/wp\/v2\/media\/777"}],"wp:attachment":[{"href":"http:\/\/www.tenis-mesa.com\/tenis-mesa.com\/wp-json\/wp\/v2\/media?parent=769"}],"wp:term":[{"taxonomy":"category","embeddable":true,"href":"http:\/\/www.tenis-mesa.com\/tenis-mesa.com\/wp-json\/wp\/v2\/categories?post=769"},{"taxonomy":"post_tag","embeddable":true,"href":"http:\/\/www.tenis-mesa.com\/tenis-mesa.com\/wp-json\/wp\/v2\/tags?post=769"},{"taxonomy":"dealstore","embeddable":true,"href":"http:\/\/www.tenis-mesa.com\/tenis-mesa.com\/wp-json\/wp\/v2\/dealstore?post=769"},{"taxonomy":"offerexpiration","embeddable":true,"href":"http:\/\/www.tenis-mesa.com\/tenis-mesa.com\/wp-json\/wp\/v2\/offerexpiration?post=769"}],"curies":[{"name":"wp","href":"https:\/\/api.w.org\/{rel}","templated":true}]}}